{"id":281,"date":"2025-09-21T21:45:00","date_gmt":"2025-09-22T00:45:00","guid":{"rendered":"https:\/\/g-cec.com.br\/?p=281"},"modified":"2025-09-21T22:03:44","modified_gmt":"2025-09-22T01:03:44","slug":"a-g-cec-marca-presenca-no-4o-encontro-de-ressonancia-magnetica","status":"publish","type":"post","link":"https:\/\/g-cec.com.br\/index.php\/2025\/09\/21\/a-g-cec-marca-presenca-no-4o-encontro-de-ressonancia-magnetica\/","title":{"rendered":"A G-CEC MARCA PRESEN\u00c7A NO 4\u00ba ENCONTRO DE RESSON\u00c2NCIA MAGN\u00c9TICA"},"content":{"rendered":"\n<p>Nos dias 4, 5 e 6 de setembro deste ano em Salvador-BA, <strong>Bento J\u00fanior<\/strong>, propriet\u00e1rio da G-CEC, juntamente com <strong>Viviane Laporti<\/strong>, propriet\u00e1ria da empresa ATHENA, parceira da G-CEC, estiveram na 4\u00aa ENCONTRO DE RESSON\u00c2NCIA, a fim de participar de um debate sobre a aplica\u00e7\u00e3o da LEI GERAL DE PROTE\u00c7\u00c3O DE DADOS (LGPD) nos resultados de exame por imagem.<\/p>\n\n\n\n<figure class=\"wp-block-image size-large\"><img fetchpriority=\"high\" decoding=\"async\" width=\"1024\" height=\"682\" src=\"https:\/\/g-cec.com.br\/wp-content\/uploads\/2025\/09\/Bento-1-1024x682.jpg\" alt=\"\" class=\"wp-image-282\" srcset=\"https:\/\/g-cec.com.br\/wp-content\/uploads\/2025\/09\/Bento-1-1024x682.jpg 1024w, https:\/\/g-cec.com.br\/wp-content\/uploads\/2025\/09\/Bento-1-300x200.jpg 300w, https:\/\/g-cec.com.br\/wp-content\/uploads\/2025\/09\/Bento-1-768x512.jpg 768w, https:\/\/g-cec.com.br\/wp-content\/uploads\/2025\/09\/Bento-1-1536x1023.jpg 1536w, https:\/\/g-cec.com.br\/wp-content\/uploads\/2025\/09\/Bento-1.jpg 1600w\" sizes=\"(max-width: 1024px) 100vw, 1024px\" \/><\/figure>\n\n\n\n<p>Durante o debate, foram relatados fatos que ocorreram, tais como resultados de exames vasados e publicados sem a devida autoriza\u00e7\u00e3o, por escrito, do paciente. Isso j\u00e1 ocasionou processos judiciais e multas, podendo, inclusive, fechar a institui\u00e7\u00e3o de sa\u00fade por ser uma empresa de pequeno porte. Mas chegou-se \u00e0 conclus\u00e3o de que a maioria desses casos ocorre por falta de conhecimento da pr\u00f3pria lei e treinamento dos funcion\u00e1rios. <strong>Sendo assim, a G-CEC em parceria com a ATHENA vem oferecendo formas para que nossos clientes estejam de acordo com a LGPD e n\u00e3o passem pelo pesadelo de um processo jur\u00eddico!<\/strong><\/p>\n\n\n\n<figure class=\"wp-block-image size-large\"><img decoding=\"async\" width=\"1024\" height=\"682\" src=\"https:\/\/g-cec.com.br\/wp-content\/uploads\/2025\/09\/Debate-3-1-1024x682.jpg\" alt=\"\" class=\"wp-image-283\" srcset=\"https:\/\/g-cec.com.br\/wp-content\/uploads\/2025\/09\/Debate-3-1-1024x682.jpg 1024w, https:\/\/g-cec.com.br\/wp-content\/uploads\/2025\/09\/Debate-3-1-300x200.jpg 300w, https:\/\/g-cec.com.br\/wp-content\/uploads\/2025\/09\/Debate-3-1-768x512.jpg 768w, https:\/\/g-cec.com.br\/wp-content\/uploads\/2025\/09\/Debate-3-1-1536x1023.jpg 1536w, https:\/\/g-cec.com.br\/wp-content\/uploads\/2025\/09\/Debate-3-1.jpg 1600w\" sizes=\"(max-width: 1024px) 100vw, 1024px\" \/><\/figure>\n\n\n\n<p>Al\u00e9m disso, tivemos a honra de conhecer diversos profissionais, tais como o prof. Guillermo L\u00f3pez do IFBA, Dra. Aline Mori\u00e3o do Programa de Acredita\u00e7\u00e3o em Diagn\u00f3stico por Imagem (PADI), Alexandre Araujo da empresa Ensina Radi\u00f3logos e de outros. E agradecemos aos organizadores Anderson Santana e Neyldes Moreira da SR CAPACITA\u00c7\u00c3O pelo convite!!<\/p>\n\n\n\n<figure class=\"wp-block-image size-large\"><img decoding=\"async\" width=\"1024\" height=\"461\" src=\"https:\/\/g-cec.com.br\/wp-content\/uploads\/2025\/09\/Prof-G5-1024x461.jpg\" alt=\"\" class=\"wp-image-284\" srcset=\"https:\/\/g-cec.com.br\/wp-content\/uploads\/2025\/09\/Prof-G5-1024x461.jpg 1024w, https:\/\/g-cec.com.br\/wp-content\/uploads\/2025\/09\/Prof-G5-300x135.jpg 300w, https:\/\/g-cec.com.br\/wp-content\/uploads\/2025\/09\/Prof-G5-768x346.jpg 768w, https:\/\/g-cec.com.br\/wp-content\/uploads\/2025\/09\/Prof-G5-1536x691.jpg 1536w, https:\/\/g-cec.com.br\/wp-content\/uploads\/2025\/09\/Prof-G5.jpg 1600w\" sizes=\"(max-width: 1024px) 100vw, 1024px\" \/><\/figure>\n\n\n\n<figure class=\"wp-block-image size-full\"><img loading=\"lazy\" decoding=\"async\" width=\"182\" height=\"146\" src=\"https:\/\/g-cec.com.br\/wp-content\/uploads\/2025\/09\/image.png\" alt=\"\" class=\"wp-image-286\"\/><\/figure>\n\n\n\n<figure class=\"wp-block-image size-full\"><img loading=\"lazy\" decoding=\"async\" width=\"579\" height=\"148\" src=\"https:\/\/g-cec.com.br\/wp-content\/uploads\/2025\/09\/image-1.png\" alt=\"\" class=\"wp-image-288\" srcset=\"https:\/\/g-cec.com.br\/wp-content\/uploads\/2025\/09\/image-1.png 579w, https:\/\/g-cec.com.br\/wp-content\/uploads\/2025\/09\/image-1-300x77.png 300w\" sizes=\"(max-width: 579px) 100vw, 579px\" \/><\/figure>\n\n\n\n<p><\/p>\n","protected":false},"excerpt":{"rendered":"<p>Nos dias 4, 5 e 6 de setembro deste ano em Salvador-BA, Bento J\u00fanior, propriet\u00e1rio da G-CEC, juntamente com Viviane Laporti, propriet\u00e1ria da empresa ATHENA, parceira da G-CEC, estiveram na 4\u00aa ENCONTRO DE RESSON\u00c2NCIA, a fim de participar de um debate sobre a aplica\u00e7\u00e3o da LEI GERAL DE PROTE\u00c7\u00c3O DE DADOS (LGPD) nos resultados de [&hellip;]<\/p>\n","protected":false},"author":2,"featured_media":277,"comment_status":"open","ping_status":"open","sticky":false,"template":"","format":"standard","meta":{"_monsterinsights_skip_tracking":false,"_monsterinsights_sitenote_active":false,"_monsterinsights_sitenote_note":"","_monsterinsights_sitenote_category":0,"footnotes":""},"categories":[1],"tags":[],"class_list":["post-281","post","type-post","status-publish","format-standard","has-post-thumbnail","hentry","category-sem-categoria"],"aioseo_notices":[],"_links":{"self":[{"href":"https:\/\/g-cec.com.br\/index.php\/wp-json\/wp\/v2\/posts\/281","targetHints":{"allow":["GET"]}}],"collection":[{"href":"https:\/\/g-cec.com.br\/index.php\/wp-json\/wp\/v2\/posts"}],"about":[{"href":"https:\/\/g-cec.com.br\/index.php\/wp-json\/wp\/v2\/types\/post"}],"author":[{"embeddable":true,"href":"https:\/\/g-cec.com.br\/index.php\/wp-json\/wp\/v2\/users\/2"}],"replies":[{"embeddable":true,"href":"https:\/\/g-cec.com.br\/index.php\/wp-json\/wp\/v2\/comments?post=281"}],"version-history":[{"count":4,"href":"https:\/\/g-cec.com.br\/index.php\/wp-json\/wp\/v2\/posts\/281\/revisions"}],"predecessor-version":[{"id":291,"href":"https:\/\/g-cec.com.br\/index.php\/wp-json\/wp\/v2\/posts\/281\/revisions\/291"}],"wp:featuredmedia":[{"embeddable":true,"href":"https:\/\/g-cec.com.br\/index.php\/wp-json\/wp\/v2\/media\/277"}],"wp:attachment":[{"href":"https:\/\/g-cec.com.br\/index.php\/wp-json\/wp\/v2\/media?parent=281"}],"wp:term":[{"taxonomy":"category","embeddable":true,"href":"https:\/\/g-cec.com.br\/index.php\/wp-json\/wp\/v2\/categories?post=281"},{"taxonomy":"post_tag","embeddable":true,"href":"https:\/\/g-cec.com.br\/index.php\/wp-json\/wp\/v2\/tags?post=281"}],"curies":[{"name":"wp","href":"https:\/\/api.w.org\/{rel}","templated":true}]}}