{"id":265,"date":"2025-04-16T14:16:46","date_gmt":"2025-04-16T17:16:46","guid":{"rendered":"https:\/\/g-cec.com.br\/?p=265"},"modified":"2025-04-16T14:16:46","modified_gmt":"2025-04-16T17:16:46","slug":"a-g-cec-patrocina-o-intbio-na-apresentacao-de-projeto-no-bahia-connect-2025","status":"publish","type":"post","link":"https:\/\/g-cec.com.br\/index.php\/2025\/04\/16\/a-g-cec-patrocina-o-intbio-na-apresentacao-de-projeto-no-bahia-connect-2025\/","title":{"rendered":"A G-CEC PATROCINA O INTBIO NA APRESENTA\u00c7\u00c3O DE PROJETO NO BAHIA CONNECT 2025"},"content":{"rendered":"\n<p><strong>BAHIA CONNECT 2025: Turismo, ci\u00eancia e territ\u00f3rio: INTBIO \u00e9 destaque no maior evento de inova\u00e7\u00e3o da Bahia<\/strong><\/p>\n\n\n<div class=\"wp-block-image\">\n<figure class=\"aligncenter\"><a href=\"https:\/\/blogger.googleusercontent.com\/img\/b\/R29vZ2xl\/AVvXsEhsDKPUBDVtvBtyiONK9aM1jkCAH4S5EA5Q9Th7QmOqvOJN-nthfPgnJ8XeIB0x-xVc8jxYjh3bCIUgC9SwaOkfB2BCb66Crw8IIsw2zEzmyCoY80xGZB203xa3I_efANXSpYH6vU4QlRc1SyTA_deoc1wn9gA7M_WocQ-RmEyo1I-7yyklaj4Ka0oCwakh\/s1920\/Design%20sem%20nome%20(2).jpg\"><img decoding=\"async\" src=\"https:\/\/blogger.googleusercontent.com\/img\/b\/R29vZ2xl\/AVvXsEhsDKPUBDVtvBtyiONK9aM1jkCAH4S5EA5Q9Th7QmOqvOJN-nthfPgnJ8XeIB0x-xVc8jxYjh3bCIUgC9SwaOkfB2BCb66Crw8IIsw2zEzmyCoY80xGZB203xa3I_efANXSpYH6vU4QlRc1SyTA_deoc1wn9gA7M_WocQ-RmEyo1I-7yyklaj4Ka0oCwakh\/w507-h286\/Design%20sem%20nome%20(2).jpg\" alt=\"\"\/><\/a><\/figure><\/div>\n\n\n<p>Entre os dias 10 e 12 de abril, Salvador recebeu mais de&nbsp;<strong>30 mil pessoas<\/strong>&nbsp;no&nbsp;<strong>Bahia Connect 2025<\/strong>, um dos maiores eventos de tecnologia, inova\u00e7\u00e3o e empreendedorismo do estado. Realizado no&nbsp;<strong>Centro de Conven\u00e7\u00f5es<\/strong>, o encontro reuniu representantes de diversos setores para pensar o futuro da Bahia \u2014 e entre os destaques da programa\u00e7\u00e3o, esteve o&nbsp;<strong>Espa\u00e7o de Experi\u00eancia Sensorial da Bahia \/ Costa do Cacau<\/strong>, idealizado pelo&nbsp;<strong>SENAC<\/strong>&nbsp;em parceria com o&nbsp;<strong>Instituto de Tecnologia, Inova\u00e7\u00e3o e Biotecnologia do Sul da Bahia (INTBIO)<\/strong>.<\/p>\n\n\n<div class=\"wp-block-image\">\n<figure class=\"aligncenter\"><a href=\"https:\/\/blogger.googleusercontent.com\/img\/b\/R29vZ2xl\/AVvXsEiRyrwL3ytkuKVJXrecEpDqVfoe94DLPbujgeKqEuoVXwo1csW7B0dHSxl513aLg7Epzkha0E2hhqGLtLICR9l9pCNaW0vf8NAWf_9LMaueIotqRIghf76IvrPNBPGkgPgXX0fzJkBlQphK9d5v0HHOCI82gK-P9IbsR98pro5019cq3X2xKUSFfVNKvbxy\/s4080\/20250410_123026.heic\"><img decoding=\"async\" src=\"https:\/\/blogger.googleusercontent.com\/img\/b\/R29vZ2xl\/AVvXsEiRyrwL3ytkuKVJXrecEpDqVfoe94DLPbujgeKqEuoVXwo1csW7B0dHSxl513aLg7Epzkha0E2hhqGLtLICR9l9pCNaW0vf8NAWf_9LMaueIotqRIghf76IvrPNBPGkgPgXX0fzJkBlQphK9d5v0HHOCI82gK-P9IbsR98pro5019cq3X2xKUSFfVNKvbxy\/s320\/20250410_123026.heic\" alt=\"\"\/><\/a><\/figure><\/div>\n\n\n<p>A iniciativa ofereceu ao p\u00fablico uma viv\u00eancia \u00fanica, ativando os cinco sentidos para revelar o potencial tur\u00edstico, ambiental e inovador da&nbsp;<strong>Costa do Cacau<\/strong>. Ao longo dos tr\u00eas dias de evento, mais de&nbsp;<strong>10 mil visitantes<\/strong>&nbsp;passaram pelo espa\u00e7o, que foi dividido em duas experi\u00eancias principais:<\/p>\n\n\n\n<p>\ud83d\udd39&nbsp;<strong>Turismo de Natureza e Experi\u00eancia<\/strong>&nbsp;\u2013 com areia no ch\u00e3o e um painel de LED&nbsp; exibindo imagens imersivas das praias, cachoeiras e trilhas da Costa do Cacau.<\/p>\n\n\n\n<p>\ud83d\udd39&nbsp;<strong>Turismo do Cacau<\/strong>&nbsp;\u2013 uma jornada sensorial com degusta\u00e7\u00e3o de chocolates, nibs e cacau in natura, cen\u00e1rio real com frutos e pain\u00e9is visuais sobre a cadeia produtiva, al\u00e9m de prot\u00f3tipos de maquin\u00e1rios utilizados nos processos de fermenta\u00e7\u00e3o e secagem.<\/p>\n\n\n\n<p>A presidente do INTBIO,&nbsp;<strong>Caliana Mesquita<\/strong>, refor\u00e7a a import\u00e2ncia estrat\u00e9gica da a\u00e7\u00e3o:<\/p>\n\n\n\n<blockquote class=\"wp-block-quote is-layout-flow wp-block-quote-is-layout-flow\">\n<p><em>\u201cEssa foi uma oportunidade para destacar o Sul da Bahia como um territ\u00f3rio relevante para a ci\u00eancia e a inova\u00e7\u00e3o. Ao conectar roteiros paisag\u00edsticos com experi\u00eancias sensoriais, mostramos um valor inovador gigantesco. O INTBIO, que tem como miss\u00e3o a populariza\u00e7\u00e3o da ci\u00eancia nos territ\u00f3rios de identidade, viu no Bahia Connect uma chance de atrair os olhares do ecossistema tecnol\u00f3gico e empreendedor para dentro do turismo de experi\u00eancia\u201d, afirma.<\/em><\/p>\n<\/blockquote>\n\n\n\n<p><em><a href=\"https:\/\/blogger.googleusercontent.com\/img\/b\/R29vZ2xl\/AVvXsEgfCy81yTLWih1CPTE7WbK_yAIpll83Og3MhQswKvKx7g4L2XJ8n7JxiPrVNSYQ_xg_9X9Kad6uifFY2_CwzRHGNXZ1B6MOWVrHmV-prKq-fY7odwMbhd40uP7GE8zPbOERVPef4FPd6JbIRYFpjRseD4tGF51O-_0K_SmoMiuS-7T-xAbjGHZMAa1eGT5z\/s4080\/20250412_112712.heic\"><\/a><\/em><br>A a\u00e7\u00e3o tamb\u00e9m marcou o fortalecimento da&nbsp;<strong>Rede Parceiros da Biotecnologia do Sul da Bahia<\/strong>, um&nbsp;<strong>ecossistema de conex\u00f5es<\/strong>&nbsp;criado pelo INTBIO para&nbsp;<strong>fomentar a bioinova\u00e7\u00e3o e o desenvolvimento territorial<\/strong>. A rede re\u00fane marcas, produtores, institui\u00e7\u00f5es, startups e agentes da inova\u00e7\u00e3o comprometidos com a valoriza\u00e7\u00e3o das riquezas naturais e culturais da regi\u00e3o, e foi fundamental para viabilizar o espa\u00e7o sensorial no evento.&nbsp;<\/p>\n\n\n\n<p><em>\u201cA a\u00e7\u00e3o foi pensada para levar experi\u00eancias sensoriais reais ao visitante, e s\u00f3 foi poss\u00edvel gra\u00e7as &nbsp;\u00e0 parceria com o INTBIO, que abra\u00e7ou a ideia desde o in\u00edcio e transformou a proposta em algo ainda maior. Foi uma uni\u00e3o de prop\u00f3sitos que fez a diferen\u00e7a\u201d, destacou&nbsp;Ana Karla Pereira&nbsp;, coordenadora do Bahia Connect no espa\u00e7o de turismo.<\/em><\/p>\n\n\n\n<p><strong>A a\u00e7\u00e3o foi pensada para levar experi\u00eancias sensoriais reais ao visitante, e s\u00f3 foi poss\u00edvel gra\u00e7as \u00e0 parceria com o INTBIO, que abra\u00e7ou a ideia desde o in\u00edcio e transformou a proposta em algo ainda maior. Foi uma uni\u00e3o de prop\u00f3sitos que fez a diferen\u00e7a\u201d<\/strong>, destacou&nbsp;<strong>Ana Carla Pereira<\/strong>, coordenadora do Bahia Connect no espa\u00e7o de turismo.<\/p>\n\n\n\n<p>O espa\u00e7o tamb\u00e9m contou com a presen\u00e7a de gestores p\u00fablicos e lideran\u00e7as regionais que apoiam a pauta do desenvolvimento sustent\u00e1vel. O&nbsp;<strong>Secret\u00e1rio de Meio Ambiente de Jita\u00fana<\/strong>, Edvaldo Peixoto (Badokinha), esteve presente no evento e destacou:<\/p>\n\n\n\n<blockquote class=\"wp-block-quote is-layout-flow wp-block-quote-is-layout-flow\">\n<p><em>\u201cO que vimos aqui foi uma experi\u00eancia transformadora. \u00c9 esse tipo de iniciativa que conecta a nossa identidade local \u00e0 inova\u00e7\u00e3o. O INTBIO est\u00e1 abrindo portas para que munic\u00edpios como Jita\u00fana sejam reconhecidos pelo seu valor ambiental, cultural e cient\u00edfico.\u201d<\/em><\/p>\n\n\n<div class=\"wp-block-image\">\n<figure class=\"aligncenter\"><a href=\"https:\/\/blogger.googleusercontent.com\/img\/b\/R29vZ2xl\/AVvXsEgbIS_W6OigulgjSlAX8cMDewZVCrJ2HS9jZfKgh7MMn2IMiXDRBdJB4q_uAMN-aCZ0zgB3OAKyvbNOFDhUODrXcOO7hOcPJp4UAut5Ng8hGxVXgS_QFQYDI03B4A7s62gVDmgnKHQrXkTcB-jaHIJK24wNPNWm-T0ik2BCd95dqLlA3qoHTL_6EsjSmzZv\/s4080\/20250410_155914.heic\"><img decoding=\"async\" src=\"https:\/\/blogger.googleusercontent.com\/img\/b\/R29vZ2xl\/AVvXsEgbIS_W6OigulgjSlAX8cMDewZVCrJ2HS9jZfKgh7MMn2IMiXDRBdJB4q_uAMN-aCZ0zgB3OAKyvbNOFDhUODrXcOO7hOcPJp4UAut5Ng8hGxVXgS_QFQYDI03B4A7s62gVDmgnKHQrXkTcB-jaHIJK24wNPNWm-T0ik2BCd95dqLlA3qoHTL_6EsjSmzZv\/s320\/20250410_155914.heic\" alt=\"\"\/><\/a><\/figure><\/div><\/blockquote>\n\n\n\n<p>Com essa participa\u00e7\u00e3o, o INTBIO reafirma seu compromisso de conectar ci\u00eancia, identidade e futuro, mostrando que a bioinova\u00e7\u00e3o pode e deve caminhar junto com os saberes locais, o turismo de base territorial e as voca\u00e7\u00f5es regionais.<\/p>\n\n\n\n<h3 class=\"wp-block-heading\">Rede Parceiros da Biotecnologia do Sul da Bahia: inova\u00e7\u00e3o em rede<\/h3>\n\n\n\n<p>A realiza\u00e7\u00e3o do espa\u00e7o sensorial foi poss\u00edvel gra\u00e7as ao apoio da&nbsp;<strong>Rede Parceiros da Biotecnologia do Sul da Bahia<\/strong>, um&nbsp;<strong>ecossistema de conex\u00f5es<\/strong>&nbsp;criado e articulado pelo INTBIO para&nbsp;<strong>fortalecer a\u00e7\u00f5es de fomento \u00e0 bioinova\u00e7\u00e3o e ao desenvolvimento territorial<\/strong>. A rede re\u00fane institui\u00e7\u00f5es de ensino, empresas, startups, produtores, gestores e marcas que compartilham o compromisso com o futuro sustent\u00e1vel do sul do estado.&nbsp;<\/p>\n\n\n<div class=\"wp-block-image\">\n<figure class=\"aligncenter\"><a href=\"https:\/\/blogger.googleusercontent.com\/img\/b\/R29vZ2xl\/AVvXsEiQwFbEILlsiZv42Z1I4gD1Fg_hBzMY3RPVmxh-X8FMMgKqJSIuQo4VCJVt1y_by8G5xEFsCl2H-bqaLpNXgL62kKEbMTRr_tDfrgOTNVe5-8xnhGAT7pAAGvbtgJQ6mNGhuUVL3z7QRS0YfMvI1CpxUI-sOwn6a0l2Zh2bdX2v9DswocFA10zIg7zG4Cg2\/s1600\/WhatsApp%20Image%202025-04-16%20at%2008.33.29.jpeg\"><img decoding=\"async\" src=\"https:\/\/blogger.googleusercontent.com\/img\/b\/R29vZ2xl\/AVvXsEiQwFbEILlsiZv42Z1I4gD1Fg_hBzMY3RPVmxh-X8FMMgKqJSIuQo4VCJVt1y_by8G5xEFsCl2H-bqaLpNXgL62kKEbMTRr_tDfrgOTNVe5-8xnhGAT7pAAGvbtgJQ6mNGhuUVL3z7QRS0YfMvI1CpxUI-sOwn6a0l2Zh2bdX2v9DswocFA10zIg7zG4Cg2\/s320\/WhatsApp%20Image%202025-04-16%20at%2008.33.29.jpeg\" alt=\"\"\/><\/a><\/figure><\/div>\n\n\n<p><em>&nbsp; &nbsp;&nbsp;&nbsp;&#8221; A parceria do MCCC e do INTBIO s\u00f3 fortalece a cada a\u00e7\u00e3o que realizamos juntos. A rede&nbsp;&nbsp;parceiros da biotecnologia sabe da import\u00e2ncia do instituto para atrair parceiros e desenvolver<\/em><em>&nbsp;e o Movimento&nbsp; Cacau, Chocolate e Cultura vem somar neste ecossistema de inova\u00e7\u00e3o&#8221;, disse&nbsp;&nbsp;Patrick dos Reis, Coordenador do MCCC.&nbsp;&nbsp;<\/em><\/p>\n\n\n\n<h3 class=\"wp-block-heading\">&nbsp;Ci\u00eancia e identidade no centro do palco<\/h3>\n\n\n<div class=\"wp-block-image\">\n<figure class=\"aligncenter\"><a href=\"https:\/\/blogger.googleusercontent.com\/img\/b\/R29vZ2xl\/AVvXsEhgNAJjLuFyd91h90tjUEYl98Oi_WSdsmZooizFqS67j_ExhR-qt57X5u8H_JP83BlIbNnXbCZkt_W-AIh6RT4OrmgiyogRVbW1jwFHd_dTMi3W1jX6kocEznjxLPX1s0vtz0vjmDAFz7EBsFY-fZGZLXbnn7gQEDf10Z5JhXI2uHLvKEJ0KgXVKbSvPGMP\/s4080\/20250412_100314.heic\"><img decoding=\"async\" src=\"https:\/\/blogger.googleusercontent.com\/img\/b\/R29vZ2xl\/AVvXsEhgNAJjLuFyd91h90tjUEYl98Oi_WSdsmZooizFqS67j_ExhR-qt57X5u8H_JP83BlIbNnXbCZkt_W-AIh6RT4OrmgiyogRVbW1jwFHd_dTMi3W1jX6kocEznjxLPX1s0vtz0vjmDAFz7EBsFY-fZGZLXbnn7gQEDf10Z5JhXI2uHLvKEJ0KgXVKbSvPGMP\/s320\/20250412_100314.heic\" alt=\"\"\/><\/a><\/figure><\/div>\n\n\n<p>Com essa participa\u00e7\u00e3o, o INTBIO reafirma seu papel como conector de pessoas, ideias e territ\u00f3rios. Atrav\u00e9s de a\u00e7\u00f5es criativas e acess\u00edveis, o instituto promove a valoriza\u00e7\u00e3o da ci\u00eancia como ferramenta de transforma\u00e7\u00e3o social, econ\u00f4mica e cultural, sempre enraizada nas potencialidades regionais.<\/p>\n\n\n\n<h3 class=\"wp-block-heading\">&nbsp;Sobre o INTBIO<\/h3>\n\n\n\n<p>O Instituto de Tecnologia, Inova\u00e7\u00e3o e Biotecnologia do Sul da Bahia,&nbsp; atua na articula\u00e7\u00e3o de redes, pesquisa aplicada, populariza\u00e7\u00e3o da ci\u00eancia e solu\u00e7\u00f5es sustent\u00e1veis para o desenvolvimento de territ\u00f3rios inteligentes.<\/p>\n\n\n\n<p>Fa\u00e7a parte da nossa Rede de Parceiros da Biotecnologia do Sul da Bahia<\/p>\n\n\n\n<p>email: intbioinstituto@gmail.com<\/p>\n\n\n\n<p>Insta: @intbio<\/p>\n\n\n<div class=\"wp-block-image\">\n<figure class=\"aligncenter\"><a href=\"https:\/\/blogger.googleusercontent.com\/img\/b\/R29vZ2xl\/AVvXsEi1sMdipKGbgOuyE6zBXPkPS-_eJQNCFCZdnBu6lUDH1gYhTi0gT1377Wpkl7Jl7E2XynXv_s4DKPZ4ul4GUctxRLx_Qj2TpAkpW5s0-HS2qTAAeBslgb8aLc8Y5Ix9wM4FrQWA_4OdT95A0oCWYfd4-z4YtkfdS54QJHrKltTY2CXXqG5dxNBrQXvaknK4\/s1920\/SECRETARIA%20DE%20MEIO%20AMBIENTE.png\"><img decoding=\"async\" src=\"https:\/\/blogger.googleusercontent.com\/img\/b\/R29vZ2xl\/AVvXsEi1sMdipKGbgOuyE6zBXPkPS-_eJQNCFCZdnBu6lUDH1gYhTi0gT1377Wpkl7Jl7E2XynXv_s4DKPZ4ul4GUctxRLx_Qj2TpAkpW5s0-HS2qTAAeBslgb8aLc8Y5Ix9wM4FrQWA_4OdT95A0oCWYfd4-z4YtkfdS54QJHrKltTY2CXXqG5dxNBrQXvaknK4\/w311-h180\/SECRETARIA%20DE%20MEIO%20AMBIENTE.png\" alt=\"\"\/><\/a><\/figure><\/div>\n\n\n<p><a href=\"https:\/\/blogger.googleusercontent.com\/img\/b\/R29vZ2xl\/AVvXsEjX0_yBcfWqGVqqO6DUW5vZMMH81cqTotvIxYE4Zg9hHWW4S6ejLv4uJM4Stf2PNaZJE6BEZiAUIlFk7vIUtJhlZdVXBFLO6hSViNKoUIzZrQVIS8nhz_mNaMFT8sxTLwHHRh5LgmvMznKlrDweRPEbVGkoIN_c8wR4zpKtB_MGZ8W3j_bsdTJS_WdSgesU\/s1920\/SECRETARIA%20DE%20MEIO%20AMBIENTE%20(2).jpg\"><\/a><\/p>\n\n\n<div class=\"wp-block-image\">\n<figure class=\"aligncenter\"><a href=\"https:\/\/blogger.googleusercontent.com\/img\/b\/R29vZ2xl\/AVvXsEhvkmrR55ki-5iWFpEyVJ_23PTXdfwslpHGmFmog1ol1gkN6iLofXaJ30zc6nhSqXIQhFiaelaKSJ6WpL6kAaaqTQOkGOzJZd3T-4vvMR7xUpd07SvQurzfVueXkIOr0t7FMBhOgDaLZnrHuQxWNyJ2IZsQqMoUOUdVTIlOzP0-xd7StEtYKmp2n89WyqJt\/s1920\/SECRETARIA%20DE%20MEIO%20AMBIENTE%20(3).jpg\"><img decoding=\"async\" src=\"https:\/\/blogger.googleusercontent.com\/img\/b\/R29vZ2xl\/AVvXsEhvkmrR55ki-5iWFpEyVJ_23PTXdfwslpHGmFmog1ol1gkN6iLofXaJ30zc6nhSqXIQhFiaelaKSJ6WpL6kAaaqTQOkGOzJZd3T-4vvMR7xUpd07SvQurzfVueXkIOr0t7FMBhOgDaLZnrHuQxWNyJ2IZsQqMoUOUdVTIlOzP0-xd7StEtYKmp2n89WyqJt\/w505-h284\/SECRETARIA%20DE%20MEIO%20AMBIENTE%20(3).jpg\" alt=\"\"\/><\/a><\/figure><\/div>","protected":false},"excerpt":{"rendered":"<p>BAHIA CONNECT 2025: Turismo, ci\u00eancia e territ\u00f3rio: INTBIO \u00e9 destaque no maior evento de inova\u00e7\u00e3o da Bahia Entre os dias 10 e 12 de abril, Salvador recebeu mais de&nbsp;30 mil pessoas&nbsp;no&nbsp;Bahia Connect 2025, um dos maiores eventos de tecnologia, inova\u00e7\u00e3o e empreendedorismo do estado. Realizado no&nbsp;Centro de Conven\u00e7\u00f5es, o encontro reuniu representantes de diversos setores [&hellip;]<\/p>\n","protected":false},"author":2,"featured_media":264,"comment_status":"open","ping_status":"open","sticky":false,"template":"","format":"standard","meta":{"_monsterinsights_skip_tracking":false,"_monsterinsights_sitenote_active":false,"_monsterinsights_sitenote_note":"","_monsterinsights_sitenote_category":0,"footnotes":""},"categories":[1],"tags":[],"class_list":["post-265","post","type-post","status-publish","format-standard","has-post-thumbnail","hentry","category-sem-categoria"],"aioseo_notices":[],"_links":{"self":[{"href":"https:\/\/g-cec.com.br\/index.php\/wp-json\/wp\/v2\/posts\/265","targetHints":{"allow":["GET"]}}],"collection":[{"href":"https:\/\/g-cec.com.br\/index.php\/wp-json\/wp\/v2\/posts"}],"about":[{"href":"https:\/\/g-cec.com.br\/index.php\/wp-json\/wp\/v2\/types\/post"}],"author":[{"embeddable":true,"href":"https:\/\/g-cec.com.br\/index.php\/wp-json\/wp\/v2\/users\/2"}],"replies":[{"embeddable":true,"href":"https:\/\/g-cec.com.br\/index.php\/wp-json\/wp\/v2\/comments?post=265"}],"version-history":[{"count":1,"href":"https:\/\/g-cec.com.br\/index.php\/wp-json\/wp\/v2\/posts\/265\/revisions"}],"predecessor-version":[{"id":266,"href":"https:\/\/g-cec.com.br\/index.php\/wp-json\/wp\/v2\/posts\/265\/revisions\/266"}],"wp:featuredmedia":[{"embeddable":true,"href":"https:\/\/g-cec.com.br\/index.php\/wp-json\/wp\/v2\/media\/264"}],"wp:attachment":[{"href":"https:\/\/g-cec.com.br\/index.php\/wp-json\/wp\/v2\/media?parent=265"}],"wp:term":[{"taxonomy":"category","embeddable":true,"href":"https:\/\/g-cec.com.br\/index.php\/wp-json\/wp\/v2\/categories?post=265"},{"taxonomy":"post_tag","embeddable":true,"href":"https:\/\/g-cec.com.br\/index.php\/wp-json\/wp\/v2\/tags?post=265"}],"curies":[{"name":"wp","href":"https:\/\/api.w.org\/{rel}","templated":true}]}}