{"id":259,"date":"2025-03-04T17:12:36","date_gmt":"2025-03-04T20:12:36","guid":{"rendered":"https:\/\/g-cec.com.br\/?p=259"},"modified":"2025-03-04T17:12:37","modified_gmt":"2025-03-04T20:12:37","slug":"abel-o-matematico-pouco-reconhecido","status":"publish","type":"post","link":"https:\/\/g-cec.com.br\/index.php\/2025\/03\/04\/abel-o-matematico-pouco-reconhecido\/","title":{"rendered":"ABEL: o matem\u00e1tico pouco reconhecido?"},"content":{"rendered":"\n<p>Ele nasceu em uma cidade da Noruega, seu pai era um pastor evang\u00e9lico e sua m\u00e3e era alco\u00f3latra. Seu pai ensinou a ler e escreve. Ingressou na escola aos 13 anos. O professor Bernt Holmboe percebeu a gemelidade de Abel. Em 1820, seu pai morre e Abel passa a sustentar a sua fam\u00edlia. Ent\u00e3o, percebendo que Abel n\u00e3o tinha dinheiro, o professor Bernt Holmboe deu dinheiro para ele entrar na universidade e cedeu sua casa como moradia. Abel publicou o 1\u00ba artigo em 1823, ou seja, o primeiro artigo que trata de integrais. Em 1824, Abel demonstrou que n\u00e3o existe uma equa\u00e7\u00e3o definida para solu\u00e7\u00e3o das equa\u00e7\u00f5es de grau 5 e, com isso, pediu para o rei da Noruega aux\u00edlio financeiro, para viajar pela Europa, aprender mais sobre matem\u00e1tica e divulgar seu trabalho. Ele conseguiu uma verba bem modesta, planejou a viagem que incluiu uma visita \u00e0 Gauss \u2013 culminando no envio, para este, o seu \u00faltimo artigo, mas n\u00e3o ele deu a m\u00ednima import\u00e2ncia; portanto, n\u00e3o havendo o encontro entre os dois \u2013 e outra visita \u00e0 August Crelle \u2013 com o qual fez uma grande amizade &#8211; ele tinha uma revista matem\u00e1tica e isso possibilitou Abel escrever artigos mais detalhados. Abel tamb\u00e9m foi o primeiro a se preocupar com converg\u00eancias e diverg\u00eancias de s\u00e9ries num\u00e9ricas, e com quais condi\u00e7\u00f5es a s\u00e9rie binomial converge. Al\u00e9m de ter demonstrado a diverg\u00eancia da s\u00e9rie abaixo.<\/p>\n\n\n\n<figure class=\"wp-block-image size-full\"><img decoding=\"async\" width=\"60\" height=\"38\" src=\"https:\/\/g-cec.com.br\/wp-content\/uploads\/2025\/03\/image.png\" alt=\"\" class=\"wp-image-260\"\/><\/figure>\n\n\n\n<p>Able tamb\u00e9m estudou o trabalho de Adrien Legendre, que trabalhou com integrais ed\u00edpicas, por\u00e9m Abel, com sua genialidade, as simplificou em 1826, ficando conhecidas como integrais abelianas. Este artigo contendo estas integrais, foi entregue para Louis Cauchy, que tamb\u00e9m n\u00e3o se interessou, ou seja, a viagem de Abel para a Fran\u00e7a acaba n\u00e3o dando resultado. Com o dinheiro acabando, Abel acabou decidindo se alimentar uma vez por dia, para poder continuar com seus estudos em Paris e, para piorar, acabou pegando tuberculose; para poder sustentar sua fam\u00edlia, pegou empr\u00e9stimos e acumular d\u00edvidas. Com isso, em 1829, Abel faleceu de tuberculose e afundado em d\u00edvidas, mas dois dias depois de seu falecimento, chegou uma carta com a seguinte mensagem: \u201cParab\u00e9ns pela sua admiss\u00e3o como professor na Universidade de Berlin\u201d. Em 1830, Carl Jacob e outros matem\u00e1ticos leram com detalhes o \u00faltimo artigo de Abel e deram o pr\u00eamio p\u00f3stumo de melhor trabalho apresentado na Academia de Ci\u00eancias de Paris. Em 2002, o governo da Noruega instituiu o pr\u00eamio Abel. Portanto, como podemos ver, somente teve o seu reconhecimento ap\u00f3s sua morte!<\/p>\n\n\n\n<p>Refer\u00eancia: Prof. Gustavo Viegas. <strong>Quem foi Abel<\/strong>. Toda A Matem\u00e1tica. @todaamatematica<br><\/p>\n\n\n\n<figure class=\"wp-block-image size-full\"><img decoding=\"async\" width=\"104\" height=\"89\" src=\"https:\/\/g-cec.com.br\/wp-content\/uploads\/2025\/03\/image-1.png\" alt=\"\" class=\"wp-image-261\"\/><\/figure>\n\n\n\n<p><\/p>\n","protected":false},"excerpt":{"rendered":"<p>Ele nasceu em uma cidade da Noruega, seu pai era um pastor evang\u00e9lico e sua m\u00e3e era alco\u00f3latra. Seu pai ensinou a ler e escreve. Ingressou na escola aos 13 anos. O professor Bernt Holmboe percebeu a gemelidade de Abel. Em 1820, seu pai morre e Abel passa a sustentar a sua fam\u00edlia. Ent\u00e3o, percebendo [&hellip;]<\/p>\n","protected":false},"author":2,"featured_media":258,"comment_status":"open","ping_status":"open","sticky":false,"template":"","format":"standard","meta":{"_monsterinsights_skip_tracking":false,"_monsterinsights_sitenote_active":false,"_monsterinsights_sitenote_note":"","_monsterinsights_sitenote_category":0,"footnotes":""},"categories":[1],"tags":[],"class_list":["post-259","post","type-post","status-publish","format-standard","has-post-thumbnail","hentry","category-sem-categoria"],"aioseo_notices":[],"_links":{"self":[{"href":"https:\/\/g-cec.com.br\/index.php\/wp-json\/wp\/v2\/posts\/259","targetHints":{"allow":["GET"]}}],"collection":[{"href":"https:\/\/g-cec.com.br\/index.php\/wp-json\/wp\/v2\/posts"}],"about":[{"href":"https:\/\/g-cec.com.br\/index.php\/wp-json\/wp\/v2\/types\/post"}],"author":[{"embeddable":true,"href":"https:\/\/g-cec.com.br\/index.php\/wp-json\/wp\/v2\/users\/2"}],"replies":[{"embeddable":true,"href":"https:\/\/g-cec.com.br\/index.php\/wp-json\/wp\/v2\/comments?post=259"}],"version-history":[{"count":1,"href":"https:\/\/g-cec.com.br\/index.php\/wp-json\/wp\/v2\/posts\/259\/revisions"}],"predecessor-version":[{"id":262,"href":"https:\/\/g-cec.com.br\/index.php\/wp-json\/wp\/v2\/posts\/259\/revisions\/262"}],"wp:featuredmedia":[{"embeddable":true,"href":"https:\/\/g-cec.com.br\/index.php\/wp-json\/wp\/v2\/media\/258"}],"wp:attachment":[{"href":"https:\/\/g-cec.com.br\/index.php\/wp-json\/wp\/v2\/media?parent=259"}],"wp:term":[{"taxonomy":"category","embeddable":true,"href":"https:\/\/g-cec.com.br\/index.php\/wp-json\/wp\/v2\/categories?post=259"},{"taxonomy":"post_tag","embeddable":true,"href":"https:\/\/g-cec.com.br\/index.php\/wp-json\/wp\/v2\/tags?post=259"}],"curies":[{"name":"wp","href":"https:\/\/api.w.org\/{rel}","templated":true}]}}